{"id":4413,"date":"2026-06-12T15:02:12","date_gmt":"2026-06-12T13:02:12","guid":{"rendered":"https:\/\/oplevstruer.dk\/?p=4413"},"modified":"2026-06-12T15:02:12","modified_gmt":"2026-06-12T13:02:12","slug":"sommer-jazz-paa-torvet-i-lydens-by","status":"publish","type":"post","link":"https:\/\/oplevstruer.dk\/de\/sommer-jazz-paa-torvet-i-lydens-by\/","title":{"rendered":"Sommerjazz auf dem Marktplatz in der Stadt des Klangs"},"content":{"rendered":"<h1 data-path-to-node=\"1,0\"><b data-path-to-node=\"1,0\" data-index-in-node=\"0\">Fantastische Atmosph\u00e4re f\u00fcr Jazz auf dem Marktplatz<\/b><\/h1>\n<p data-path-to-node=\"1,1\">Am Samstag, dem 6. Juni, bot der Torvet den perfekten Rahmen f\u00fcr einen wundersch\u00f6nen Vormittag im Zeichen der Musik. Die Sonne zeigte sich, und die vielen Anwesenden konnten die frischen Jazzkl\u00e4nge in fantastischer Kulisse mitten in Struer genie\u00dfen.<\/p>\n<p data-path-to-node=\"1,2\">Hier sehen Sie eine kleine Galerie mit einigen der besten Momente des Tages. Wir werden die Seite mit weiteren Bildern von den kommenden Jazz-Samstagen laufend aktualisieren. Schauen Sie also gerne sp\u00e4ter noch einmal vorbei!<\/p>\n<p data-path-to-node=\"1,2\"><img decoding=\"async\" class=\"alignnone size-thumbnail wp-image-4429\" src=\"https:\/\/oplevstruer.dk\/wp-content\/uploads\/oplev-struer-jazz-paa-torvet-06.06.26-web-stoerrelse-2-150x150.jpg\" alt=\"\" width=\"150\" height=\"150\" srcset=\"https:\/\/oplevstruer.dk\/wp-content\/uploads\/oplev-struer-jazz-paa-torvet-06.06.26-web-stoerrelse-2-150x150.jpg 150w, https:\/\/oplevstruer.dk\/wp-content\/uploads\/oplev-struer-jazz-paa-torvet-06.06.26-web-stoerrelse-2-300x300.jpg 300w, https:\/\/oplevstruer.dk\/wp-content\/uploads\/oplev-struer-jazz-paa-torvet-06.06.26-web-stoerrelse-2-12x12.jpg 12w, https:\/\/oplevstruer.dk\/wp-content\/uploads\/oplev-struer-jazz-paa-torvet-06.06.26-web-stoerrelse-2.jpg 720w\" sizes=\"(max-width: 150px) 100vw, 150px\" \/> <img decoding=\"async\" class=\"alignnone size-thumbnail wp-image-4428\" src=\"https:\/\/oplevstruer.dk\/wp-content\/uploads\/oplev-struer-jazz-paa-torvet-06.06.26-web-stoerrelse-9-150x150.jpg\" alt=\"\" width=\"150\" height=\"150\" srcset=\"https:\/\/oplevstruer.dk\/wp-content\/uploads\/oplev-struer-jazz-paa-torvet-06.06.26-web-stoerrelse-9-150x150.jpg 150w, https:\/\/oplevstruer.dk\/wp-content\/uploads\/oplev-struer-jazz-paa-torvet-06.06.26-web-stoerrelse-9-300x300.jpg 300w, https:\/\/oplevstruer.dk\/wp-content\/uploads\/oplev-struer-jazz-paa-torvet-06.06.26-web-stoerrelse-9-12x12.jpg 12w, https:\/\/oplevstruer.dk\/wp-content\/uploads\/oplev-struer-jazz-paa-torvet-06.06.26-web-stoerrelse-9.jpg 720w\" sizes=\"(max-width: 150px) 100vw, 150px\" \/> <img decoding=\"async\" class=\"alignnone size-thumbnail wp-image-4427\" src=\"https:\/\/oplevstruer.dk\/wp-content\/uploads\/oplev-struer-jazz-paa-torvet-06.06.26-web-stoerrelse-12-150x150.jpg\" alt=\"\" width=\"150\" height=\"150\" srcset=\"https:\/\/oplevstruer.dk\/wp-content\/uploads\/oplev-struer-jazz-paa-torvet-06.06.26-web-stoerrelse-12-150x150.jpg 150w, https:\/\/oplevstruer.dk\/wp-content\/uploads\/oplev-struer-jazz-paa-torvet-06.06.26-web-stoerrelse-12-300x300.jpg 300w, https:\/\/oplevstruer.dk\/wp-content\/uploads\/oplev-struer-jazz-paa-torvet-06.06.26-web-stoerrelse-12-12x12.jpg 12w, https:\/\/oplevstruer.dk\/wp-content\/uploads\/oplev-struer-jazz-paa-torvet-06.06.26-web-stoerrelse-12.jpg 720w\" sizes=\"(max-width: 150px) 100vw, 150px\" \/> <img loading=\"lazy\" decoding=\"async\" class=\"alignnone size-thumbnail wp-image-4426\" src=\"https:\/\/oplevstruer.dk\/wp-content\/uploads\/oplev-struer-jazz-paa-torvet-06.06.26-web-stoerrelse-14-150x150.jpg\" alt=\"\" width=\"150\" height=\"150\" srcset=\"https:\/\/oplevstruer.dk\/wp-content\/uploads\/oplev-struer-jazz-paa-torvet-06.06.26-web-stoerrelse-14-150x150.jpg 150w, https:\/\/oplevstruer.dk\/wp-content\/uploads\/oplev-struer-jazz-paa-torvet-06.06.26-web-stoerrelse-14-300x300.jpg 300w, https:\/\/oplevstruer.dk\/wp-content\/uploads\/oplev-struer-jazz-paa-torvet-06.06.26-web-stoerrelse-14-12x12.jpg 12w, https:\/\/oplevstruer.dk\/wp-content\/uploads\/oplev-struer-jazz-paa-torvet-06.06.26-web-stoerrelse-14.jpg 720w\" sizes=\"(max-width: 150px) 100vw, 150px\" \/> <img loading=\"lazy\" decoding=\"async\" class=\"alignnone size-thumbnail wp-image-4425\" src=\"https:\/\/oplevstruer.dk\/wp-content\/uploads\/oplev-struer-jazz-paa-torvet-06.06.26-web-stoerrelse-15-150x150.jpg\" alt=\"\" width=\"150\" height=\"150\" srcset=\"https:\/\/oplevstruer.dk\/wp-content\/uploads\/oplev-struer-jazz-paa-torvet-06.06.26-web-stoerrelse-15-150x150.jpg 150w, https:\/\/oplevstruer.dk\/wp-content\/uploads\/oplev-struer-jazz-paa-torvet-06.06.26-web-stoerrelse-15-300x300.jpg 300w, https:\/\/oplevstruer.dk\/wp-content\/uploads\/oplev-struer-jazz-paa-torvet-06.06.26-web-stoerrelse-15-12x12.jpg 12w, https:\/\/oplevstruer.dk\/wp-content\/uploads\/oplev-struer-jazz-paa-torvet-06.06.26-web-stoerrelse-15.jpg 720w\" sizes=\"(max-width: 150px) 100vw, 150px\" \/> <img loading=\"lazy\" decoding=\"async\" class=\"alignnone size-thumbnail wp-image-4424\" src=\"https:\/\/oplevstruer.dk\/wp-content\/uploads\/oplev-struer-jazz-paa-torvet-06.06.26-web-stoerrelse-17-150x150.jpg\" alt=\"\" width=\"150\" height=\"150\" srcset=\"https:\/\/oplevstruer.dk\/wp-content\/uploads\/oplev-struer-jazz-paa-torvet-06.06.26-web-stoerrelse-17-150x150.jpg 150w, https:\/\/oplevstruer.dk\/wp-content\/uploads\/oplev-struer-jazz-paa-torvet-06.06.26-web-stoerrelse-17-300x300.jpg 300w, https:\/\/oplevstruer.dk\/wp-content\/uploads\/oplev-struer-jazz-paa-torvet-06.06.26-web-stoerrelse-17-12x12.jpg 12w, https:\/\/oplevstruer.dk\/wp-content\/uploads\/oplev-struer-jazz-paa-torvet-06.06.26-web-stoerrelse-17.jpg 720w\" sizes=\"(max-width: 150px) 100vw, 150px\" \/> <img loading=\"lazy\" decoding=\"async\" class=\"alignnone size-thumbnail wp-image-4423\" src=\"https:\/\/oplevstruer.dk\/wp-content\/uploads\/oplev-struer-jazz-paa-torvet-06.06.26-web-stoerrelse-3-150x150.jpg\" alt=\"\" width=\"150\" height=\"150\" srcset=\"https:\/\/oplevstruer.dk\/wp-content\/uploads\/oplev-struer-jazz-paa-torvet-06.06.26-web-stoerrelse-3-150x150.jpg 150w, https:\/\/oplevstruer.dk\/wp-content\/uploads\/oplev-struer-jazz-paa-torvet-06.06.26-web-stoerrelse-3-300x300.jpg 300w, https:\/\/oplevstruer.dk\/wp-content\/uploads\/oplev-struer-jazz-paa-torvet-06.06.26-web-stoerrelse-3-12x12.jpg 12w, https:\/\/oplevstruer.dk\/wp-content\/uploads\/oplev-struer-jazz-paa-torvet-06.06.26-web-stoerrelse-3.jpg 720w\" sizes=\"(max-width: 150px) 100vw, 150px\" \/> <img loading=\"lazy\" decoding=\"async\" class=\"alignnone size-thumbnail wp-image-4422\" src=\"https:\/\/oplevstruer.dk\/wp-content\/uploads\/oplev-struer-jazz-paa-torvet-06.06.26-web-stoerrelse-13-150x150.jpg\" alt=\"\" width=\"150\" height=\"150\" srcset=\"https:\/\/oplevstruer.dk\/wp-content\/uploads\/oplev-struer-jazz-paa-torvet-06.06.26-web-stoerrelse-13-150x150.jpg 150w, https:\/\/oplevstruer.dk\/wp-content\/uploads\/oplev-struer-jazz-paa-torvet-06.06.26-web-stoerrelse-13-300x300.jpg 300w, https:\/\/oplevstruer.dk\/wp-content\/uploads\/oplev-struer-jazz-paa-torvet-06.06.26-web-stoerrelse-13-12x12.jpg 12w, https:\/\/oplevstruer.dk\/wp-content\/uploads\/oplev-struer-jazz-paa-torvet-06.06.26-web-stoerrelse-13.jpg 720w\" sizes=\"(max-width: 150px) 100vw, 150px\" \/> <img loading=\"lazy\" decoding=\"async\" class=\"alignnone size-thumbnail wp-image-4421\" src=\"https:\/\/oplevstruer.dk\/wp-content\/uploads\/oplev-struer-jazz-paa-torvet-06.06.26-9-Kopi-150x150.jpg\" alt=\"\" width=\"150\" height=\"150\" srcset=\"https:\/\/oplevstruer.dk\/wp-content\/uploads\/oplev-struer-jazz-paa-torvet-06.06.26-9-Kopi-150x150.jpg 150w, https:\/\/oplevstruer.dk\/wp-content\/uploads\/oplev-struer-jazz-paa-torvet-06.06.26-9-Kopi-300x300.jpg 300w, https:\/\/oplevstruer.dk\/wp-content\/uploads\/oplev-struer-jazz-paa-torvet-06.06.26-9-Kopi-1024x1024.jpg 1024w, https:\/\/oplevstruer.dk\/wp-content\/uploads\/oplev-struer-jazz-paa-torvet-06.06.26-9-Kopi-768x768.jpg 768w, https:\/\/oplevstruer.dk\/wp-content\/uploads\/oplev-struer-jazz-paa-torvet-06.06.26-9-Kopi-1536x1536.jpg 1536w, https:\/\/oplevstruer.dk\/wp-content\/uploads\/oplev-struer-jazz-paa-torvet-06.06.26-9-Kopi-scaled.jpg 2048w, https:\/\/oplevstruer.dk\/wp-content\/uploads\/oplev-struer-jazz-paa-torvet-06.06.26-9-Kopi-12x12.jpg 12w\" sizes=\"(max-width: 150px) 100vw, 150px\" \/> <img loading=\"lazy\" decoding=\"async\" class=\"alignnone size-thumbnail wp-image-4420\" src=\"https:\/\/oplevstruer.dk\/wp-content\/uploads\/oplev-struer-jazz-paa-torvet-06.06.26-web-stoerrelse-13-Kopi-150x150.jpg\" alt=\"\" width=\"150\" height=\"150\" srcset=\"https:\/\/oplevstruer.dk\/wp-content\/uploads\/oplev-struer-jazz-paa-torvet-06.06.26-web-stoerrelse-13-Kopi-150x150.jpg 150w, https:\/\/oplevstruer.dk\/wp-content\/uploads\/oplev-struer-jazz-paa-torvet-06.06.26-web-stoerrelse-13-Kopi-300x300.jpg 300w, https:\/\/oplevstruer.dk\/wp-content\/uploads\/oplev-struer-jazz-paa-torvet-06.06.26-web-stoerrelse-13-Kopi-12x12.jpg 12w, https:\/\/oplevstruer.dk\/wp-content\/uploads\/oplev-struer-jazz-paa-torvet-06.06.26-web-stoerrelse-13-Kopi.jpg 720w\" sizes=\"(max-width: 150px) 100vw, 150px\" \/> <img loading=\"lazy\" decoding=\"async\" class=\"alignnone size-thumbnail wp-image-4419\" src=\"https:\/\/oplevstruer.dk\/wp-content\/uploads\/oplev-struer-jazz-paa-torvet-06.06.26-9-150x150.jpg\" alt=\"\" width=\"150\" height=\"150\" srcset=\"https:\/\/oplevstruer.dk\/wp-content\/uploads\/oplev-struer-jazz-paa-torvet-06.06.26-9-150x150.jpg 150w, https:\/\/oplevstruer.dk\/wp-content\/uploads\/oplev-struer-jazz-paa-torvet-06.06.26-9-300x300.jpg 300w, https:\/\/oplevstruer.dk\/wp-content\/uploads\/oplev-struer-jazz-paa-torvet-06.06.26-9-1024x1024.jpg 1024w, https:\/\/oplevstruer.dk\/wp-content\/uploads\/oplev-struer-jazz-paa-torvet-06.06.26-9-768x768.jpg 768w, https:\/\/oplevstruer.dk\/wp-content\/uploads\/oplev-struer-jazz-paa-torvet-06.06.26-9-1536x1536.jpg 1536w, https:\/\/oplevstruer.dk\/wp-content\/uploads\/oplev-struer-jazz-paa-torvet-06.06.26-9-scaled.jpg 2048w, https:\/\/oplevstruer.dk\/wp-content\/uploads\/oplev-struer-jazz-paa-torvet-06.06.26-9-12x12.jpg 12w\" sizes=\"(max-width: 150px) 100vw, 150px\" \/> <img loading=\"lazy\" decoding=\"async\" class=\"alignnone size-thumbnail wp-image-4418\" src=\"https:\/\/oplevstruer.dk\/wp-content\/uploads\/oplev-struer-jazz-paa-torvet-06.06.26-web-stoerrelse-23-150x150.jpg\" alt=\"\" width=\"150\" height=\"150\" srcset=\"https:\/\/oplevstruer.dk\/wp-content\/uploads\/oplev-struer-jazz-paa-torvet-06.06.26-web-stoerrelse-23-150x150.jpg 150w, https:\/\/oplevstruer.dk\/wp-content\/uploads\/oplev-struer-jazz-paa-torvet-06.06.26-web-stoerrelse-23-300x300.jpg 300w, https:\/\/oplevstruer.dk\/wp-content\/uploads\/oplev-struer-jazz-paa-torvet-06.06.26-web-stoerrelse-23-12x12.jpg 12w, https:\/\/oplevstruer.dk\/wp-content\/uploads\/oplev-struer-jazz-paa-torvet-06.06.26-web-stoerrelse-23.jpg 720w\" sizes=\"(max-width: 150px) 100vw, 150px\" \/> <img loading=\"lazy\" decoding=\"async\" class=\"alignnone size-thumbnail wp-image-4417\" src=\"https:\/\/oplevstruer.dk\/wp-content\/uploads\/oplev-struer-jazz-paa-torvet-06.06.26-web-stoerrelse-27-150x150.jpg\" alt=\"\" width=\"150\" height=\"150\" srcset=\"https:\/\/oplevstruer.dk\/wp-content\/uploads\/oplev-struer-jazz-paa-torvet-06.06.26-web-stoerrelse-27-150x150.jpg 150w, https:\/\/oplevstruer.dk\/wp-content\/uploads\/oplev-struer-jazz-paa-torvet-06.06.26-web-stoerrelse-27-300x300.jpg 300w, https:\/\/oplevstruer.dk\/wp-content\/uploads\/oplev-struer-jazz-paa-torvet-06.06.26-web-stoerrelse-27-12x12.jpg 12w, https:\/\/oplevstruer.dk\/wp-content\/uploads\/oplev-struer-jazz-paa-torvet-06.06.26-web-stoerrelse-27.jpg 720w\" sizes=\"(max-width: 150px) 100vw, 150px\" \/> <img loading=\"lazy\" decoding=\"async\" class=\"alignnone size-thumbnail wp-image-4416\" src=\"https:\/\/oplevstruer.dk\/wp-content\/uploads\/oplev-struer-jazz-paa-torvet-06.06.26-web-stoerrelse-20-150x150.jpg\" alt=\"\" width=\"150\" height=\"150\" srcset=\"https:\/\/oplevstruer.dk\/wp-content\/uploads\/oplev-struer-jazz-paa-torvet-06.06.26-web-stoerrelse-20-150x150.jpg 150w, https:\/\/oplevstruer.dk\/wp-content\/uploads\/oplev-struer-jazz-paa-torvet-06.06.26-web-stoerrelse-20-300x300.jpg 300w, https:\/\/oplevstruer.dk\/wp-content\/uploads\/oplev-struer-jazz-paa-torvet-06.06.26-web-stoerrelse-20-12x12.jpg 12w, https:\/\/oplevstruer.dk\/wp-content\/uploads\/oplev-struer-jazz-paa-torvet-06.06.26-web-stoerrelse-20.jpg 720w\" sizes=\"(max-width: 150px) 100vw, 150px\" \/> <img loading=\"lazy\" decoding=\"async\" class=\"alignnone size-thumbnail wp-image-4415\" src=\"https:\/\/oplevstruer.dk\/wp-content\/uploads\/oplev-struer-jazz-paa-torvet-06.06.26-web-stoerrelse-19-150x150.jpg\" alt=\"\" width=\"150\" height=\"150\" srcset=\"https:\/\/oplevstruer.dk\/wp-content\/uploads\/oplev-struer-jazz-paa-torvet-06.06.26-web-stoerrelse-19-150x150.jpg 150w, https:\/\/oplevstruer.dk\/wp-content\/uploads\/oplev-struer-jazz-paa-torvet-06.06.26-web-stoerrelse-19-300x300.jpg 300w, https:\/\/oplevstruer.dk\/wp-content\/uploads\/oplev-struer-jazz-paa-torvet-06.06.26-web-stoerrelse-19-12x12.jpg 12w, https:\/\/oplevstruer.dk\/wp-content\/uploads\/oplev-struer-jazz-paa-torvet-06.06.26-web-stoerrelse-19.jpg 720w\" sizes=\"(max-width: 150px) 100vw, 150px\" \/> <img loading=\"lazy\" decoding=\"async\" class=\"alignnone size-thumbnail wp-image-4414\" src=\"https:\/\/oplevstruer.dk\/wp-content\/uploads\/oplev-struer-jazz-paa-torvet-06.06.26-web-stoerrelse-21-150x150.jpg\" alt=\"\" width=\"150\" height=\"150\" srcset=\"https:\/\/oplevstruer.dk\/wp-content\/uploads\/oplev-struer-jazz-paa-torvet-06.06.26-web-stoerrelse-21-150x150.jpg 150w, https:\/\/oplevstruer.dk\/wp-content\/uploads\/oplev-struer-jazz-paa-torvet-06.06.26-web-stoerrelse-21-300x300.jpg 300w, https:\/\/oplevstruer.dk\/wp-content\/uploads\/oplev-struer-jazz-paa-torvet-06.06.26-web-stoerrelse-21-12x12.jpg 12w, https:\/\/oplevstruer.dk\/wp-content\/uploads\/oplev-struer-jazz-paa-torvet-06.06.26-web-stoerrelse-21.jpg 720w\" sizes=\"(max-width: 150px) 100vw, 150px\" \/><\/p>","protected":false},"excerpt":{"rendered":"<p>Fantastisk stemning til Jazz p\u00e5 Torvet L\u00f8rdag den 6. juni dannede Torvet rammen om en sk\u00f8n formiddag i musikkens tegn. Solen kiggede frem, og de mange fremm\u00f8dte kunne nyde de [&hellip;]<\/p>\n","protected":false},"author":2,"featured_media":4424,"comment_status":"closed","ping_status":"closed","sticky":false,"template":"","format":"standard","meta":{"_acf_changed":false,"_price":"","_stock":"","_tribe_ticket_header":"","_tribe_default_ticket_provider":"","_tribe_ticket_capacity":"","_ticket_start_date":"","_ticket_end_date":"","_tribe_ticket_show_description":"","_tribe_ticket_show_not_going":false,"_tribe_ticket_use_global_stock":"","_tribe_ticket_global_stock_level":"","_global_stock_mode":"","_global_stock_cap":"","_tribe_rsvp_for_event":"","_tribe_ticket_going_count":"","_tribe_ticket_not_going_count":"","_tribe_tickets_list":"[]","_tribe_ticket_has_attendee_info_fields":false,"page_builder":"","footnotes":""},"categories":[85,108],"tags":[],"class_list":["post-4413","post","type-post","status-publish","format-standard","has-post-thumbnail","hentry","category-musik","category-oplevelser"],"acf":[],"yoast_head":"<!-- This site is optimized with the Yoast SEO Premium plugin v27.6 (Yoast SEO v28.3) - https:\/\/yoast.com\/product\/yoast-seo-premium-wordpress\/ -->\n<title>Sommer jazz p\u00e5 torvet i Lydens By - Nyheder fra Lydens By - Oplev Struer<\/title>\n<meta name=\"robots\" content=\"index, follow, max-snippet:-1, max-image-preview:large, max-video-preview:-1\" \/>\n<link rel=\"canonical\" href=\"https:\/\/oplevstruer.dk\/de\/sommer-jazz-paa-torvet-i-lydens-by\/\" \/>\n<meta property=\"og:locale\" content=\"de_DE\" \/>\n<meta property=\"og:type\" content=\"article\" \/>\n<meta property=\"og:title\" content=\"Sommer jazz p\u00e5 torvet i Lydens By\" \/>\n<meta property=\"og:description\" content=\"Fantastisk stemning til Jazz p\u00e5 Torvet L\u00f8rdag den 6. juni dannede Torvet rammen om en sk\u00f8n formiddag i musikkens tegn. Solen kiggede frem, og de mange fremm\u00f8dte kunne nyde de [&hellip;]\" \/>\n<meta property=\"og:url\" content=\"https:\/\/oplevstruer.dk\/de\/sommer-jazz-paa-torvet-i-lydens-by\/\" \/>\n<meta property=\"og:site_name\" content=\"Oplev Struer\" \/>\n<meta property=\"article:publisher\" content=\"https:\/\/www.facebook.com\/struershopping\" \/>\n<meta property=\"article:published_time\" content=\"2026-06-12T13:02:12+00:00\" \/>\n<meta property=\"og:image\" content=\"https:\/\/oplevstruer.dk\/wp-content\/uploads\/oplev-struer-jazz-paa-torvet-06.06.26-web-stoerrelse-17.jpg\" \/>\n\t<meta property=\"og:image:width\" content=\"720\" \/>\n\t<meta property=\"og:image:height\" content=\"720\" \/>\n\t<meta property=\"og:image:type\" content=\"image\/jpeg\" \/>\n<meta name=\"author\" content=\"Kasper\" \/>\n<meta name=\"twitter:card\" content=\"summary_large_image\" \/>\n<meta name=\"twitter:label1\" content=\"Verfasst von\" \/>\n\t<meta name=\"twitter:data1\" content=\"Kasper\" \/>\n\t<meta name=\"twitter:label2\" content=\"Gesch\u00e4tzte Lesezeit\" \/>\n\t<meta name=\"twitter:data2\" content=\"4\u00a0Minuten\" \/>\n<script type=\"application\/ld+json\" class=\"yoast-schema-graph\">{\"@context\":\"https:\\\/\\\/schema.org\",\"@graph\":[{\"@type\":\"Article\",\"@id\":\"https:\\\/\\\/oplevstruer.dk\\\/sommer-jazz-paa-torvet-i-lydens-by\\\/#article\",\"isPartOf\":{\"@id\":\"https:\\\/\\\/oplevstruer.dk\\\/sommer-jazz-paa-torvet-i-lydens-by\\\/\"},\"author\":{\"name\":\"Kasper\",\"@id\":\"https:\\\/\\\/oplevstruer.dk\\\/#\\\/schema\\\/person\\\/85ee7b9661b76fd16d566d7f8d2cd316\"},\"headline\":\"Sommer jazz p\u00e5 torvet i Lydens By\",\"datePublished\":\"2026-06-12T13:02:12+00:00\",\"mainEntityOfPage\":{\"@id\":\"https:\\\/\\\/oplevstruer.dk\\\/sommer-jazz-paa-torvet-i-lydens-by\\\/\"},\"wordCount\":82,\"publisher\":{\"@id\":\"https:\\\/\\\/oplevstruer.dk\\\/#organization\"},\"image\":{\"@id\":\"https:\\\/\\\/oplevstruer.dk\\\/sommer-jazz-paa-torvet-i-lydens-by\\\/#primaryimage\"},\"thumbnailUrl\":\"https:\\\/\\\/oplevstruer.dk\\\/wp-content\\\/uploads\\\/oplev-struer-jazz-paa-torvet-06.06.26-web-stoerrelse-17.jpg\",\"articleSection\":[\"Musik\",\"Oplevelser\"],\"inLanguage\":\"de\"},{\"@type\":\"WebPage\",\"@id\":\"https:\\\/\\\/oplevstruer.dk\\\/sommer-jazz-paa-torvet-i-lydens-by\\\/\",\"url\":\"https:\\\/\\\/oplevstruer.dk\\\/sommer-jazz-paa-torvet-i-lydens-by\\\/\",\"name\":\"Sommer jazz p\u00e5 torvet i Lydens By - Nyheder fra Lydens By - Oplev Struer\",\"isPartOf\":{\"@id\":\"https:\\\/\\\/oplevstruer.dk\\\/#website\"},\"primaryImageOfPage\":{\"@id\":\"https:\\\/\\\/oplevstruer.dk\\\/sommer-jazz-paa-torvet-i-lydens-by\\\/#primaryimage\"},\"image\":{\"@id\":\"https:\\\/\\\/oplevstruer.dk\\\/sommer-jazz-paa-torvet-i-lydens-by\\\/#primaryimage\"},\"thumbnailUrl\":\"https:\\\/\\\/oplevstruer.dk\\\/wp-content\\\/uploads\\\/oplev-struer-jazz-paa-torvet-06.06.26-web-stoerrelse-17.jpg\",\"datePublished\":\"2026-06-12T13:02:12+00:00\",\"inLanguage\":\"de\",\"potentialAction\":[{\"@type\":\"ReadAction\",\"target\":[\"https:\\\/\\\/oplevstruer.dk\\\/sommer-jazz-paa-torvet-i-lydens-by\\\/\"]}]},{\"@type\":\"ImageObject\",\"inLanguage\":\"de\",\"@id\":\"https:\\\/\\\/oplevstruer.dk\\\/sommer-jazz-paa-torvet-i-lydens-by\\\/#primaryimage\",\"url\":\"https:\\\/\\\/oplevstruer.dk\\\/wp-content\\\/uploads\\\/oplev-struer-jazz-paa-torvet-06.06.26-web-stoerrelse-17.jpg\",\"contentUrl\":\"https:\\\/\\\/oplevstruer.dk\\\/wp-content\\\/uploads\\\/oplev-struer-jazz-paa-torvet-06.06.26-web-stoerrelse-17.jpg\",\"width\":720,\"height\":720},{\"@type\":\"WebSite\",\"@id\":\"https:\\\/\\\/oplevstruer.dk\\\/#website\",\"url\":\"https:\\\/\\\/oplevstruer.dk\\\/\",\"name\":\"Oplev Struer\",\"description\":\"Shopping - Turisme - Events - Oplevelser i Lydens By\",\"publisher\":{\"@id\":\"https:\\\/\\\/oplevstruer.dk\\\/#organization\"},\"potentialAction\":[{\"@type\":\"SearchAction\",\"target\":{\"@type\":\"EntryPoint\",\"urlTemplate\":\"https:\\\/\\\/oplevstruer.dk\\\/?s={search_term_string}\"},\"query-input\":{\"@type\":\"PropertyValueSpecification\",\"valueRequired\":true,\"valueName\":\"search_term_string\"}}],\"inLanguage\":\"de\"},{\"@type\":\"Organization\",\"@id\":\"https:\\\/\\\/oplevstruer.dk\\\/#organization\",\"name\":\"Oplev Struer\",\"url\":\"https:\\\/\\\/oplevstruer.dk\\\/\",\"logo\":{\"@type\":\"ImageObject\",\"inLanguage\":\"de\",\"@id\":\"https:\\\/\\\/oplevstruer.dk\\\/#\\\/schema\\\/logo\\\/image\\\/\",\"url\":\"https:\\\/\\\/oplevstruer.dk\\\/wp-content\\\/uploads\\\/Oplev-Struer.png\",\"contentUrl\":\"https:\\\/\\\/oplevstruer.dk\\\/wp-content\\\/uploads\\\/Oplev-Struer.png\",\"width\":1200,\"height\":675,\"caption\":\"Oplev Struer\"},\"image\":{\"@id\":\"https:\\\/\\\/oplevstruer.dk\\\/#\\\/schema\\\/logo\\\/image\\\/\"},\"sameAs\":[\"https:\\\/\\\/www.facebook.com\\\/struershopping\",\"https:\\\/\\\/www.instagram.com\\\/struershopping\\\/\"]},{\"@type\":\"Person\",\"@id\":\"https:\\\/\\\/oplevstruer.dk\\\/#\\\/schema\\\/person\\\/85ee7b9661b76fd16d566d7f8d2cd316\",\"name\":\"Kasper\"}]}<\/script>\n<!-- \/ Yoast SEO Premium plugin. -->","yoast_head_json":{"title":"Sommerjazz auf dem Marktplatz der Klangstadt - Neuigkeiten aus der Klangstadt - Erleben Sie Struer","robots":{"index":"index","follow":"follow","max-snippet":"max-snippet:-1","max-image-preview":"max-image-preview:large","max-video-preview":"max-video-preview:-1"},"canonical":"https:\/\/oplevstruer.dk\/de\/sommer-jazz-paa-torvet-i-lydens-by\/","og_locale":"de_DE","og_type":"article","og_title":"Sommer jazz p\u00e5 torvet i Lydens By","og_description":"Fantastisk stemning til Jazz p\u00e5 Torvet L\u00f8rdag den 6. juni dannede Torvet rammen om en sk\u00f8n formiddag i musikkens tegn. Solen kiggede frem, og de mange fremm\u00f8dte kunne nyde de [&hellip;]","og_url":"https:\/\/oplevstruer.dk\/de\/sommer-jazz-paa-torvet-i-lydens-by\/","og_site_name":"Oplev Struer","article_publisher":"https:\/\/www.facebook.com\/struershopping","article_published_time":"2026-06-12T13:02:12+00:00","og_image":[{"width":720,"height":720,"url":"https:\/\/oplevstruer.dk\/wp-content\/uploads\/oplev-struer-jazz-paa-torvet-06.06.26-web-stoerrelse-17.jpg","type":"image\/jpeg"}],"author":"Kasper","twitter_card":"summary_large_image","twitter_misc":{"Verfasst von":"Kasper","Gesch\u00e4tzte Lesezeit":"4\u00a0Minuten"},"schema":{"@context":"https:\/\/schema.org","@graph":[{"@type":"Article","@id":"https:\/\/oplevstruer.dk\/sommer-jazz-paa-torvet-i-lydens-by\/#article","isPartOf":{"@id":"https:\/\/oplevstruer.dk\/sommer-jazz-paa-torvet-i-lydens-by\/"},"author":{"name":"Kasper","@id":"https:\/\/oplevstruer.dk\/#\/schema\/person\/85ee7b9661b76fd16d566d7f8d2cd316"},"headline":"Sommer jazz p\u00e5 torvet i Lydens By","datePublished":"2026-06-12T13:02:12+00:00","mainEntityOfPage":{"@id":"https:\/\/oplevstruer.dk\/sommer-jazz-paa-torvet-i-lydens-by\/"},"wordCount":82,"publisher":{"@id":"https:\/\/oplevstruer.dk\/#organization"},"image":{"@id":"https:\/\/oplevstruer.dk\/sommer-jazz-paa-torvet-i-lydens-by\/#primaryimage"},"thumbnailUrl":"https:\/\/oplevstruer.dk\/wp-content\/uploads\/oplev-struer-jazz-paa-torvet-06.06.26-web-stoerrelse-17.jpg","articleSection":["Musik","Oplevelser"],"inLanguage":"de"},{"@type":"WebPage","@id":"https:\/\/oplevstruer.dk\/sommer-jazz-paa-torvet-i-lydens-by\/","url":"https:\/\/oplevstruer.dk\/sommer-jazz-paa-torvet-i-lydens-by\/","name":"Sommerjazz auf dem Marktplatz der Klangstadt - Neuigkeiten aus der Klangstadt - Erleben Sie Struer","isPartOf":{"@id":"https:\/\/oplevstruer.dk\/#website"},"primaryImageOfPage":{"@id":"https:\/\/oplevstruer.dk\/sommer-jazz-paa-torvet-i-lydens-by\/#primaryimage"},"image":{"@id":"https:\/\/oplevstruer.dk\/sommer-jazz-paa-torvet-i-lydens-by\/#primaryimage"},"thumbnailUrl":"https:\/\/oplevstruer.dk\/wp-content\/uploads\/oplev-struer-jazz-paa-torvet-06.06.26-web-stoerrelse-17.jpg","datePublished":"2026-06-12T13:02:12+00:00","inLanguage":"de","potentialAction":[{"@type":"ReadAction","target":["https:\/\/oplevstruer.dk\/sommer-jazz-paa-torvet-i-lydens-by\/"]}]},{"@type":"ImageObject","inLanguage":"de","@id":"https:\/\/oplevstruer.dk\/sommer-jazz-paa-torvet-i-lydens-by\/#primaryimage","url":"https:\/\/oplevstruer.dk\/wp-content\/uploads\/oplev-struer-jazz-paa-torvet-06.06.26-web-stoerrelse-17.jpg","contentUrl":"https:\/\/oplevstruer.dk\/wp-content\/uploads\/oplev-struer-jazz-paa-torvet-06.06.26-web-stoerrelse-17.jpg","width":720,"height":720},{"@type":"WebSite","@id":"https:\/\/oplevstruer.dk\/#website","url":"https:\/\/oplevstruer.dk\/","name":"Struer entdecken","description":"Einkaufen - Tourismus - Veranstaltungen - Erlebnisse in der Stadt des Klangs","publisher":{"@id":"https:\/\/oplevstruer.dk\/#organization"},"potentialAction":[{"@type":"SearchAction","target":{"@type":"EntryPoint","urlTemplate":"https:\/\/oplevstruer.dk\/?s={search_term_string}"},"query-input":{"@type":"PropertyValueSpecification","valueRequired":true,"valueName":"search_term_string"}}],"inLanguage":"de"},{"@type":"Organization","@id":"https:\/\/oplevstruer.dk\/#organization","name":"Struer entdecken","url":"https:\/\/oplevstruer.dk\/","logo":{"@type":"ImageObject","inLanguage":"de","@id":"https:\/\/oplevstruer.dk\/#\/schema\/logo\/image\/","url":"https:\/\/oplevstruer.dk\/wp-content\/uploads\/Oplev-Struer.png","contentUrl":"https:\/\/oplevstruer.dk\/wp-content\/uploads\/Oplev-Struer.png","width":1200,"height":675,"caption":"Oplev Struer"},"image":{"@id":"https:\/\/oplevstruer.dk\/#\/schema\/logo\/image\/"},"sameAs":["https:\/\/www.facebook.com\/struershopping","https:\/\/www.instagram.com\/struershopping\/"]},{"@type":"Person","@id":"https:\/\/oplevstruer.dk\/#\/schema\/person\/85ee7b9661b76fd16d566d7f8d2cd316","name":"Kasper"}]}},"_links":{"self":[{"href":"https:\/\/oplevstruer.dk\/de\/wp-json\/wp\/v2\/posts\/4413","targetHints":{"allow":["GET"]}}],"collection":[{"href":"https:\/\/oplevstruer.dk\/de\/wp-json\/wp\/v2\/posts"}],"about":[{"href":"https:\/\/oplevstruer.dk\/de\/wp-json\/wp\/v2\/types\/post"}],"author":[{"embeddable":true,"href":"https:\/\/oplevstruer.dk\/de\/wp-json\/wp\/v2\/users\/2"}],"replies":[{"embeddable":true,"href":"https:\/\/oplevstruer.dk\/de\/wp-json\/wp\/v2\/comments?post=4413"}],"version-history":[{"count":2,"href":"https:\/\/oplevstruer.dk\/de\/wp-json\/wp\/v2\/posts\/4413\/revisions"}],"predecessor-version":[{"id":4443,"href":"https:\/\/oplevstruer.dk\/de\/wp-json\/wp\/v2\/posts\/4413\/revisions\/4443"}],"wp:featuredmedia":[{"embeddable":true,"href":"https:\/\/oplevstruer.dk\/de\/wp-json\/wp\/v2\/media\/4424"}],"wp:attachment":[{"href":"https:\/\/oplevstruer.dk\/de\/wp-json\/wp\/v2\/media?parent=4413"}],"wp:term":[{"taxonomy":"category","embeddable":true,"href":"https:\/\/oplevstruer.dk\/de\/wp-json\/wp\/v2\/categories?post=4413"},{"taxonomy":"post_tag","embeddable":true,"href":"https:\/\/oplevstruer.dk\/de\/wp-json\/wp\/v2\/tags?post=4413"}],"curies":[{"name":"wp","href":"https:\/\/api.w.org\/{rel}","templated":true}]}}